{"id":1696,"date":"2013-05-28T15:30:20","date_gmt":"2013-05-28T13:30:20","guid":{"rendered":"http:\/\/www.swisswuff.ch\/tech\/?p=1696"},"modified":"2025-05-29T15:00:39","modified_gmt":"2025-05-29T13:00:39","slug":"frei-und-hallenbader-fur-ein-handig-funktionierende-personen-ubersicht","status":"publish","type":"post","link":"https:\/\/www.swisswuff.ch\/tech\/?p=1696","title":{"rendered":"Frei- und Hallenb\u00e4der f\u00fcr ein-h\u00e4ndig funktionierende Personen [\u00dcbersicht]"},"content":{"rendered":"<p>Wie barrierefrei sind Frei- und Hallenb\u00e4der f\u00fcr Leute wie mich wirklich?<\/p>\n<p>Bei Barrierefreiheit wird immer von Rollst\u00fchlen, gelegentlich von Sehbehinderungen gesprochen.<\/p>\n<p>Niemand anerkennt zwar die Probleme, die ich und analog Behinderte hier haben &#8211; aber wenn der Garderobeschl\u00fcssel vom im Mund tragen (weil ich den Kr\u00fcppel nirgends festbinden kann) vollgespeichelt ist, ist auch keiner zufrieden, sind wir doch ehrlich.<\/p>\n<p>Also gibt es eben doch ein Problem.<\/p>\n<p>F\u00fcr Leute mit (nur) einer Hand, wie nach Unterarmamputation bzw. Armamputation, interessieren sich explizit nicht die folgenden Organisationen, die somit auch nicht behaupten k\u00f6nnen, sie t\u00e4ten es (Stand Ende Mai 2013):<br \/>\n<a href=\"http:\/\/www.egalite-handicap.ch\/\" target=\"_blank\" rel=\"noopener\">http:\/\/www.egalite-handicap.ch\/<\/a><br \/>\n<a href=\"http:\/\/www.agile.ch\/\" target=\"_blank\" rel=\"noopener\">http:\/\/www.agile.ch\/<\/a><br \/>\n<a href=\"http:\/\/www.procap.ch\/\" target=\"_blank\" rel=\"noopener\">http:\/\/www.procap.ch\/<\/a><br \/>\n<a href=\"http:\/\/www.integrationhandicap.ch\" target=\"_blank\" rel=\"noopener\">http:\/\/www.integrationhandicap.ch<\/a><br \/>\n<a href=\"http:\/\/www.mis-ch.ch\/\" target=\"_blank\" rel=\"noopener\">http:\/\/www.mis-ch.ch\/<\/a><br \/>\n<a href=\"http:\/\/www.proinfirmis.ch\" target=\"_blank\" rel=\"noopener\">http:\/\/www.proinfirmis.ch<\/a><br \/>\n<a href=\"http:\/\/www.proinfirmis.ch\/de\/betroffene-angehoerige\/freizeit-mobilitaet\/schwimmbaeder.html\" target=\"_blank\" rel=\"noopener\">http:\/\/www.proinfirmis.ch\/de\/betroffene-angehoerige\/freizeit-mobilitaet\/schwimmbaeder.html<\/a><\/p>\n<p>&nbsp;<\/p>\n<p>So werden wir das &#8211; wie immer in solchen Momenten &#8211; selbst nachschieben.<\/p>\n<p><span style=\"text-decoration: underline;\">Hallen- und Freib\u00e4der aus Sicht &#8220;Handicap einseitige Armamputation&#8221;<\/span><\/p>\n<p><!--more--><\/p>\n<p>1. Garderobe<\/p>\n<p>1A. Mit k\u00fcrzeren Armen ist eine Ablage f\u00fcr Taschen, die die Kastent\u00fcren nicht verstellt, am besten. Ablagen vor den K\u00e4sten am zweitbesten. Ablagen in Reichweite sind auch gut.<\/p>\n<p>Gut: Ablage f\u00fcr Tasche im Hallenbad Oerlikon.<\/p>\n<p><a href=\"http:\/\/www.swisswuff.ch\/tech\/wp-content\/uploads\/2013\/05\/photo-11.jpg\"><img loading=\"lazy\" decoding=\"async\" class=\"alignnone size-medium wp-image-1695\" src=\"http:\/\/www.swisswuff.ch\/tech\/wp-content\/uploads\/2013\/05\/photo-11-300x224.jpg\" alt=\"photo 1(1)\" width=\"300\" height=\"224\" srcset=\"https:\/\/www.swisswuff.ch\/tech\/wp-content\/uploads\/2013\/05\/photo-11-300x224.jpg 300w, https:\/\/www.swisswuff.ch\/tech\/wp-content\/uploads\/2013\/05\/photo-11-1024x764.jpg 1024w\" sizes=\"auto, (max-width: 300px) 100vw, 300px\" \/><\/a><\/p>\n<p>Unpraktisch: Tasche auf Boden im Water World Wallisellen.<\/p>\n<p><a href=\"http:\/\/www.swisswuff.ch\/tech\/wp-content\/uploads\/2013\/05\/photo-31.jpg\"><img loading=\"lazy\" decoding=\"async\" class=\"alignnone size-medium wp-image-1693\" src=\"http:\/\/www.swisswuff.ch\/tech\/wp-content\/uploads\/2013\/05\/photo-31-300x224.jpg\" alt=\"photo 3(1)\" width=\"300\" height=\"224\" srcset=\"https:\/\/www.swisswuff.ch\/tech\/wp-content\/uploads\/2013\/05\/photo-31-300x224.jpg 300w, https:\/\/www.swisswuff.ch\/tech\/wp-content\/uploads\/2013\/05\/photo-31-1024x764.jpg 1024w\" sizes=\"auto, (max-width: 300px) 100vw, 300px\" \/><\/a><\/p>\n<p>1B. In den Schr\u00e4nkchen brauche ich eine M\u00f6glichkeit, den Liner aufh\u00e4ngen zu k\u00f6nnen. Dazu muss die Garderobestange sauber oder sogar desinfiziert sein. Liner haben es in sich.<\/p>\n<p>1C. Der Schl\u00fcssel sollte fest ums Fussgelenk passen, also einen gen\u00fcgend langen B\u00e4ndel und ein festes Schloss aufweisen. Alternativ gehen Metallclips zur Befestigung an der Badehose. Was nicht geht, sind zu kurze Schl\u00fcsselarmb\u00e4nder.<\/p>\n<p>Unpraktisch: B\u00e4ndel mit Schl\u00fcssel im Hallenbad Oerlikon.<\/p>\n<p><a href=\"http:\/\/www.swisswuff.ch\/tech\/wp-content\/uploads\/2013\/05\/photo-21.jpg\"><img loading=\"lazy\" decoding=\"async\" class=\"alignnone size-medium wp-image-1694\" src=\"http:\/\/www.swisswuff.ch\/tech\/wp-content\/uploads\/2013\/05\/photo-21-300x224.jpg\" alt=\"photo 2(1)\" width=\"300\" height=\"224\" srcset=\"https:\/\/www.swisswuff.ch\/tech\/wp-content\/uploads\/2013\/05\/photo-21-300x224.jpg 300w, https:\/\/www.swisswuff.ch\/tech\/wp-content\/uploads\/2013\/05\/photo-21-1024x764.jpg 1024w\" sizes=\"auto, (max-width: 300px) 100vw, 300px\" \/><\/a><\/p>\n<p>Gut: Schl\u00fcssel mit Clip im Water World Wallisellen.<\/p>\n<p><a href=\"http:\/\/www.swisswuff.ch\/tech\/wp-content\/uploads\/2013\/05\/photo-31.jpg\"><img loading=\"lazy\" decoding=\"async\" src=\"http:\/\/www.swisswuff.ch\/tech\/wp-content\/uploads\/2013\/05\/photo-31-300x224.jpg\" alt=\"photo 3(1)\" width=\"300\" height=\"224\" \/><\/a><\/p>\n<p>2. Dusche<\/p>\n<p>2A. Der Duschbereich ben\u00f6tigt eine Taschenablage oder Aufh\u00e4ngm\u00f6glichkeit in Sichtbereich ausserhalb Spritzbereich. Die Tasche muss trocken bleiben. Ich kann nicht eine Tasche sonst wie hinwerkeln, die Vorrichtung muss einfach sein und funktionieren.<\/p>\n<p>2B. Die Duschen ben\u00f6tigen ein kleines Tablar. Ich kann nicht gleichzeitig Seife halten und mich einseifen.<\/p>\n<p>3. Schwimmbecken<\/p>\n<p>3A. Ein Becken mit flachem Rand ist gut. Ein hochgezogener Rand ist dagegen schlechter.<\/p>\n<p>3B. Wellenkillerleinen. Die anderen Leinen sind instabil. Wer sich schon mal den behinderten Arm an schlechte Leinen verletzt hat, weiss, was ich meine.<\/p>\n<p>Bewertungen (beispielhaft):<\/p>\n<table>\n<tbody>\n<tr>\n<td>Bad<\/td>\n<td>1A<\/td>\n<td>1B<\/td>\n<td>1C<\/td>\n<td>2A<\/td>\n<td>2B<\/td>\n<td>3A<\/td>\n<td>3B<\/td>\n<td>Total<\/td>\n<\/tr>\n<tr>\n<td>Winterthur Geiselweid Hallenbad<\/td>\n<td>1<\/td>\n<td>0<\/td>\n<td>0<\/td>\n<td>-2*<\/td>\n<td>1<\/td>\n<td>1<\/td>\n<td>0<\/td>\n<td>1<\/td>\n<\/tr>\n<tr>\n<td>Winterthur Geiselweid Freibad<\/td>\n<td>0<\/td>\n<td>0<\/td>\n<td>0<\/td>\n<td>0<\/td>\n<td>1<\/td>\n<td>1<\/td>\n<td>1<\/td>\n<td>3<\/td>\n<\/tr>\n<tr>\n<td>Wallisellen Water World Hallenbad<\/td>\n<td>0<\/td>\n<td>0<\/td>\n<td>1<\/td>\n<td>1<\/td>\n<td>1<\/td>\n<td>1<\/td>\n<td>1<\/td>\n<td>5<\/td>\n<\/tr>\n<tr>\n<td>Hallenbad Oerlikon<\/td>\n<td>1<\/td>\n<td>0<\/td>\n<td>0<\/td>\n<td>1<\/td>\n<td>1<\/td>\n<td>1<\/td>\n<td>1<\/td>\n<td>5<\/td>\n<\/tr>\n<\/tbody>\n<\/table>\n<p>* In Winterthur wird das Bad, Dusche und Garderoben h\u00e4ufig mit einem Schlauch ganz nassgespritzt, da offenbar alle Besucher als &#8220;besonders kontaminiert&#8221; betrachtet werden. Mir sind schon \u00f6fter die Sachen nass geworden. Dies kommt hier nun zum Abzug.<\/p>\n<p>&nbsp;<\/p>\n<p>Remember, you read it here first.<\/p>\n\n<div class=\"twitter-share\"><a href=\"https:\/\/twitter.com\/intent\/tweet?via=swisswuff\" class=\"twitter-share-button\" data-size=\"large\">Tweet<\/a><\/div>\n<!-- <a rel=\"nofollow\" href=\"http:\/\/www.swisswuff.ch\/worms.php\" title=\" O fYGhA PiMbJMd KtJdwY \"> O fYGhA PiMbJMd KtJdwY <\/a> -->","protected":false},"excerpt":{"rendered":"<p>Wie barrierefrei sind Frei- und Hallenb\u00e4der f\u00fcr Leute wie mich wirklich? Bei Barrierefreiheit wird immer von Rollst\u00fchlen, gelegentlich von Sehbehinderungen gesprochen. Niemand anerkennt zwar die Probleme, die ich und analog Behinderte hier haben &#8211; aber wenn der Garderobeschl\u00fcssel vom im Mund tragen (weil ich den Kr\u00fcppel nirgends festbinden kann) vollgespeichelt ist, ist auch keiner zufrieden,&#8230;<\/p>\n","protected":false},"author":1,"featured_media":1693,"comment_status":"open","ping_status":"open","sticky":false,"template":"","format":"standard","meta":{"footnotes":""},"categories":[98,72,28,144,1],"tags":[],"class_list":["post-1696","post","type-post","status-publish","format-standard","has-post-thumbnail","hentry","category-activities-of-daily-living","category-language","category-disability-public","category-pools","category-support","wpcat-98-id","wpcat-72-id","wpcat-28-id","wpcat-144-id","wpcat-1-id"],"publishpress_future_action":{"enabled":false,"date":"2026-05-07 18:24:43","action":"change-status","newStatus":"draft","terms":[],"taxonomy":"category","extraData":[]},"publishpress_future_workflow_manual_trigger":{"enabledWorkflows":[]},"_links":{"self":[{"href":"https:\/\/www.swisswuff.ch\/tech\/index.php?rest_route=\/wp\/v2\/posts\/1696","targetHints":{"allow":["GET"]}}],"collection":[{"href":"https:\/\/www.swisswuff.ch\/tech\/index.php?rest_route=\/wp\/v2\/posts"}],"about":[{"href":"https:\/\/www.swisswuff.ch\/tech\/index.php?rest_route=\/wp\/v2\/types\/post"}],"author":[{"embeddable":true,"href":"https:\/\/www.swisswuff.ch\/tech\/index.php?rest_route=\/wp\/v2\/users\/1"}],"replies":[{"embeddable":true,"href":"https:\/\/www.swisswuff.ch\/tech\/index.php?rest_route=%2Fwp%2Fv2%2Fcomments&post=1696"}],"version-history":[{"count":19,"href":"https:\/\/www.swisswuff.ch\/tech\/index.php?rest_route=\/wp\/v2\/posts\/1696\/revisions"}],"predecessor-version":[{"id":13918,"href":"https:\/\/www.swisswuff.ch\/tech\/index.php?rest_route=\/wp\/v2\/posts\/1696\/revisions\/13918"}],"wp:featuredmedia":[{"embeddable":true,"href":"https:\/\/www.swisswuff.ch\/tech\/index.php?rest_route=\/wp\/v2\/media\/1693"}],"wp:attachment":[{"href":"https:\/\/www.swisswuff.ch\/tech\/index.php?rest_route=%2Fwp%2Fv2%2Fmedia&parent=1696"}],"wp:term":[{"taxonomy":"category","embeddable":true,"href":"https:\/\/www.swisswuff.ch\/tech\/index.php?rest_route=%2Fwp%2Fv2%2Fcategories&post=1696"},{"taxonomy":"post_tag","embeddable":true,"href":"https:\/\/www.swisswuff.ch\/tech\/index.php?rest_route=%2Fwp%2Fv2%2Ftags&post=1696"}],"curies":[{"name":"wp","href":"https:\/\/api.w.org\/{rel}","templated":true}]}}