{"id":4653,"date":"2015-03-31T05:58:09","date_gmt":"2015-03-31T03:58:09","guid":{"rendered":"http:\/\/www.swisswuff.ch\/tech\/?p=4653"},"modified":"2019-12-01T19:47:12","modified_gmt":"2019-12-01T17:47:12","slug":"blognews-behinderung-fairness-rant","status":"publish","type":"post","link":"https:\/\/www.swisswuff.ch\/tech\/?p=4653","title":{"rendered":"Blognews, Behinderung, Fairness [rant]"},"content":{"rendered":"<p>Es gab im letzten Jahr einen wirklich kurligen Blogbeitrag zum Thema Fairness und Behinderung im Sport, und zwar den bei Frau Gehlhaar [<a href=\"https:\/\/fraugehlhaar.wordpress.com\/2014\/04\/13\/zwischen-defizit-und-wettbewerbsvorteil\/\" target=\"_blank\" rel=\"noopener noreferrer\">link<\/a>]:<\/p>\n<p style=\"padding-left: 60px;\"><em>Es ging um den Sportler <a href=\"http:\/\/de.wikipedia.org\/wiki\/Markus_Rehm\" target=\"_blank\" rel=\"noopener noreferrer\">Markus Rehm<\/a>. Er ist Leichtathlet und unterschenkelamputiert. Mit einer angepassten Prothese nahm der Paralympic-Sieger jetzt zusammen mit nichtbehinderten Sportlern an den Nordreihn-Meisterschaften teil und konnte aktuell Gewinne f\u00fcr sich verbuchen. Sein sportlicher Erfolg brachte ihn ins Gespr\u00e4ch und in die Presse. Klingt erstmal ganz normal. Jemand gewinnt einen Wettkampf und bekommt dadurch die Aufmerksamkeit der Medien. Die Geschichte hat jedoch einen bitteren Beigeschmack. Es wurden Beschwerden laut, dass Rehm durch seine Prothese einen deutlichen Vorteil gehabt h\u00e4tte und somit seinen Konkurrenten, im wahrsten Sinne des Wortes, einen Sprung voraus gewesen w\u00e4re. \u201eUntersucht werden soll, ob die Prothese von Markus Rehm ein unerlaubtes Hilfsmittel ist, mit dem ein Vorteil bei Wettbewerben mit Nichtbehinderten erzielt werden kann\u201c, erkl\u00e4rte DLV-Pr\u00e4sident Clemens Prokop der Nachrichtenagentur dpa. Der unterschenkelamputierte Leichtathlet Oscar Pistorius hatte sich vor zwei Jahren seine Teilnahme an den Olympischen Spielen und Weltmeisterschaften rechtlich erstritten. Der Fokus auf dem damaligen Rechtsstreit lag auf Pistorius\u2018 Beinprothesen und inwieweit sie ihm Vorteile, aber auch Nachteile beim Start, Absprung, etc. beschaffen k\u00f6nnten.<\/em><\/p>\n<p style=\"padding-left: 60px;\"><a href=\"http:\/\/www.swisswuff.ch\/tech\/wp-content\/uploads\/2015\/03\/pisti.gif\"><img decoding=\"async\" class=\"alignnone size-full wp-image-4611\" src=\"http:\/\/www.swisswuff.ch\/tech\/wp-content\/uploads\/2015\/03\/pisti.gif\" alt=\"pisti\" width=\"100%\" \/><\/a><\/p>\n<p style=\"padding-left: 60px;\"><em>Als erster Sportler mit Behinderung durfte Pistorius schlie\u00dflich an den Olympischen Sommerspielen 2012 in London teilnehmen und fand sich am Ende auf dem achten Platz wieder. Aber was w\u00e4re gewesen, h\u00e4tte Pistorius, wie sein Sportkollege Rehm, ganz oben auf dem Treppchen gestanden? W\u00e4ren seine Prothesen dann auch als eine Art Wettbewerbsvorteil negativ aufgefallen? Markus Rehm hat im Vergleich zu seinen nichtbehinderten Konkurrenten gute sportliche Leistungen erzielt und somit die defizitorientierte Sicht auf Behinderung widerlegt. In der Diskussion \u00e4ndert sich aber der Blick auf die Prothese, die auf einmal nicht mehr die Behinderung definiert, sondern angeblich einen \u201cWettbewerbsvorteil\u201d bringt. Es ist schon fast am\u00fcsant, wenn es nicht so traurig w\u00e4re, wie Rehm nur \u00fcber die Prothese definiert wird. <\/em><\/p>\n<p>Gut.<\/p>\n<p>Markus Rehm wurde in Ulm am 26.7.2014 mit 8,24m Deutscher Meister, in einem nicht-behinderten Wettkampf, in dem er nur und ausschliesslich wegen der Prothese gewann, einem Federbein, auf dem er absprang, also, auch sein Sprungbein. Mehr an &#8220;definiert&#8221; geht gar nicht, was Weitspringen angeht. Anschliessend wurde er f\u00fcr die Europameisterschaft der Nichtbehinderten gesperrt:\u00a0 &#8220;Messungen der Biomechaniker hatten ergeben, dass Rehm beim Anlauf kurz vor dem Absprung deutlich langsamer war als andere M\u00e4nner bei vergleichbaren 8-Meter-Spr\u00fcngen und er trotzdem beim Absprung eine h\u00f6here Vertikalgeschwindigkeit erreichte als Christian Reif&#8221; (<a href=\"http:\/\/de.wikipedia.org\/wiki\/Markus_Rehm\" target=\"_blank\" rel=\"noopener noreferrer\">link <\/a>). Der allermerkw\u00fcrdigste Satz schliesst somit direkt an Frau Gehlhaars eben zitierten Text an, er lautet so:<\/p>\n<p style=\"padding-left: 60px;\"><em>Ich m\u00f6chte an dieser Stelle nicht diskutieren, ob und welche Vor- oder Nachteile solche Prothesen bringen k\u00f6nnen.<\/em><\/p>\n<p>Nicht?<\/p>\n<p><!--more--><\/p>\n<p>Was?<\/p>\n<p><a href=\"http:\/\/www.swisswuff.ch\/tech\/wp-content\/uploads\/2015\/03\/sirjumpsalot2.gif\"><img decoding=\"async\" class=\"alignnone size-full wp-image-4660\" src=\"http:\/\/www.swisswuff.ch\/tech\/wp-content\/uploads\/2015\/03\/sirjumpsalot2.gif\" alt=\"sirjumpsalot2\" width=\"20%\" \/><\/a><a href=\"http:\/\/www.swisswuff.ch\/tech\/wp-content\/uploads\/2015\/03\/sirjumpsalot2.gif\"><img decoding=\"async\" class=\"alignnone size-full wp-image-4660\" src=\"http:\/\/www.swisswuff.ch\/tech\/wp-content\/uploads\/2015\/03\/sirjumpsalot2.gif\" alt=\"sirjumpsalot2\" width=\"20%\" \/><\/a><a href=\"http:\/\/www.swisswuff.ch\/tech\/wp-content\/uploads\/2015\/03\/sirjumpsalot2.gif\"><img decoding=\"async\" class=\"alignnone size-full wp-image-4660\" src=\"http:\/\/www.swisswuff.ch\/tech\/wp-content\/uploads\/2015\/03\/sirjumpsalot2.gif\" alt=\"sirjumpsalot2\" width=\"20%\" \/><\/a><a href=\"http:\/\/www.swisswuff.ch\/tech\/wp-content\/uploads\/2015\/03\/sirjumpsalot2.gif\"><img decoding=\"async\" class=\"alignnone size-full wp-image-4660\" src=\"http:\/\/www.swisswuff.ch\/tech\/wp-content\/uploads\/2015\/03\/sirjumpsalot2.gif\" alt=\"sirjumpsalot2\" width=\"20%\" \/><\/a><a href=\"http:\/\/www.swisswuff.ch\/tech\/wp-content\/uploads\/2015\/03\/sirjumpsalot2.gif\"><img decoding=\"async\" class=\"alignnone size-full wp-image-4660\" src=\"http:\/\/www.swisswuff.ch\/tech\/wp-content\/uploads\/2015\/03\/sirjumpsalot2.gif\" alt=\"sirjumpsalot2\" width=\"20%\" \/><\/a><\/p>\n<p>Vermutlich wurde da allzu sportlich &#8220;argumentiert&#8221; &#8211; aber nur dass es gesagt ist: bei Wettkampf im Sport geht es stets, wenn nicht ausschliesslich, um Vergleichbarkeit. Nicht bei Jekami, Turnverein oder einfach auf der Anlage mal rumfurzen &#8211; da darf jeder dabei sein, sicher sicher. Aber hier geht es um die Diskussion von Wettk\u00e4mpfen.<\/p>\n<p>Und nur diese Prothesen machen hier den ganzen Unterschied aus. Sie sind sogar das argumentative Epizentrum dieses Sachverhalts. Niemals wird Herr Rehm oder Frau Gehlhaar an reglementierten Sportwettk\u00e4mpfen um die Wette spazieren mit Nichtbehinderten, sie im Rollstuhl, er mit der Federprothese, die anderen mit Segways. Und warum nicht? Weil es strubbeldoof w\u00e4re, alles was recht ist. Man muss schon genauer hinschauen, um sich Wettkampfregeln verst\u00e4ndlich zu machen.<\/p>\n<p>Aber hier besteht die Gefahr nicht, dass zu genau hingeschaut wird &#8211; hier wird nun die hoch reglementierte Wettkampfszene des Sports dazu verwendet, um die Gesellschaft heranzunehmen.<\/p>\n<p style=\"padding-left: 60px;\"><em>Beide Geschichten lassen mich lediglich dar\u00fcber nachdenken, wie einfach meine Behinderung erst als gesellschaftliches Defizit deklariert wird und wie schnell sie zum ,Wettbewerbsvorteil\u2018 werden kann, sobald ich Erfolge f\u00fcr mich verbuchen kann.<br \/>\n<\/em><\/p>\n<p>H\u00e4?<\/p>\n<p>&#8220;Meine Behinderung&#8221;? &#8220;Seine Behinderung&#8221;? &#8220;Unsere Behinderung?&#8221; Seit wann l\u00e4sst Markus Rehms technische und v\u00f6llig notwendige Auseinandersetzung \u00fcber sein fraglich wettkampfzul\u00e4ssiges prothetisches Hilfsmittel im Bereich Spitzensport <em>irgendeinen<\/em> validen R\u00fcckschluss dar\u00fcber zu, was uns verstrubbelten Alltagsbehinderten so im n\u00e4chsten B\u00fccherladen widerf\u00e4hrt? Das greift zu weit &#8211; denn die Gesellschaft, die weiss ja schon auch nicht so recht, wo sie hin will. Die Gesellschaft, die ist sicher insgesamt auch manchmal so richtig strubbeldoof, sie verrennt sich und andere in inh\u00e4rente Widerspr\u00fcche, so als kleines Beispiel nebenbei [<a href=\"http:\/\/www.swisswuff.ch\/tech\/?p=4537\" target=\"_blank\" rel=\"noopener noreferrer\">link<\/a>].<\/p>\n<p>Aber dieser Text auf Frau Gehlhaar, der weiss nun ganz sicher ebensowenig, wo er hin will.<\/p>\n<p>Denn man schliesst mit diesen sinntiefst gr\u00fcndenden Worten:<\/p>\n<p style=\"padding-left: 60px;\"><em>Es ist schon erstaunlich, wie sehr eine Behinderung f\u00fcr andere im Mittelpunkt zu stehen scheint, wenn es um Erfolg geht. Aber woran liegt das? Vielleicht m\u00f6chte es einigen Menschen ohne Behinderung nicht in den Kopf, dass eine Person mit einem ,gesellschaftlich anerkannten Defizit\u2018 bessere Leistungen bringen kann, als man selbst?<\/em><\/p>\n<p>Ich halte das weder f\u00fcr korrekt noch f\u00fcr sinnvoll, geschweige denn gerechtfertigt.<\/p>\n<p>Wenn ich als Behinderter eine nichtbehinderte Person in einem Wettkampf \u00fcbertreffe, oder wenn ich als nichtbehinderte Person eine behinderte Person \u00fcbertreffe, oder eine behinderte eine behinderte Person \u00fcbertrifft, oder eine nichtbehinderte eine nichtbehinderte Person (damit h\u00e4tten wir sie alle durch, ja) &#8211; so steht mein Handicap ja auch dann erstmal nicht im Mittelpunkt.<\/p>\n<p>Es steht die Performance im Mittelpunkt.<\/p>\n<p><a href=\"http:\/\/www.swisswuff.ch\/tech\/wp-content\/uploads\/2015\/03\/jumpsalot.gif\"><img decoding=\"async\" class=\"alignnone size-full wp-image-4658\" src=\"http:\/\/www.swisswuff.ch\/tech\/wp-content\/uploads\/2015\/03\/jumpsalot.gif\" alt=\"jumpsalot\" width=\"100%\" \/><\/a><\/p>\n<p>Und so soll das auch sein.<\/p>\n<p>Ich habe das \u00fcbrigens schon \u00f6fter auch selbst ausprobiert [<a href=\"http:\/\/www.swisswuff.ch\/tech\/?p=3056\" target=\"_blank\" rel=\"noopener noreferrer\">link<\/a>].<\/p>\n<p>Manche wenige gratulieren vielleicht, aber den meisten ist es ganz egal, <em>das<\/em> ist der effektive Stellenwert sportlicher Leistungen Behinderter im Umfeld Nichtbehinderter.<\/p>\n<p>Es ist f\u00fcrs meiste genausowenig wenig relevant als Umstand wie das Wetter an diesem Tag.<\/p>\n<p>Wenn ich keine Hilfsmittel einsetze und damit den Wettkampfregeln vollumf\u00e4nglich folge, gibt es keinerlei Diskussionen.<\/p>\n<p><a href=\"http:\/\/www.swisswuff.ch\/tech\/wp-content\/uploads\/2015\/02\/swim.gif\"><img decoding=\"async\" class=\"alignnone size-full wp-image-4467\" src=\"http:\/\/www.swisswuff.ch\/tech\/wp-content\/uploads\/2015\/02\/swim.gif\" alt=\"swim\" width=\"100%\" \/><\/a><\/p>\n<p>Als ich 2012 an der (nicht behinderten!) FINA Masters Weltmeisterschaft qualifiziert war, und teilnahm, und zwar ohne jegliches prothetisches Schwimmhilfsmittel der Sorte Prothese, interessierte es weder Presse, noch Blogosph\u00e4re, noch Sport-, Schwimm- oder Behindertenschwimmverband.<\/p>\n<p>Auch daraus leitet sich zwanglos mit ab, dass es nicht um Behinderung oder Erfolg geht, oder, logischerweise gehen kann, wenn Markus Rehm und seine besondere Art, zu springen, zu verbandstechnischen regulativrelevanten Diskussionen f\u00fchren. W\u00e4re er ohne Beinprothese angetreten, beispielsweise, h\u00e4tte er sich diese gesamten Diskussionen erspart, um mal vorsichtig anzufangen, und w\u00e4re (da man ja annimmt, er sei gut genug) damit auch Deutscher Meister geworden. Oder doch nicht?<\/p>\n<p>Aber wir nehmen fassungslos noch einmal zur Kenntnis:<\/p>\n<p style=\"padding-left: 60px;\"><em>Ich m\u00f6chte an dieser Stelle nicht diskutieren, ob und welche Vor- oder Nachteile solche Prothesen bringen k\u00f6nnen.<\/em><\/p>\n<p>Schade.<\/p>\n<p>Denn es geht wirklich ausschliesslich und nur um das.<\/p>\n<p>Nur, wenn technische Hilfsmittel dazu kommen, wird die ganze Sache heikel. Sonst nicht!<\/p>\n<p>Und auch das erst dann, wenn es ein Wettkampfreglement gibt.<\/p>\n<p>Wer Wettk\u00e4mpfe nicht von Grund auf versteht und als solches auch liebt, wird auch nie begreifen, dass dies eine Kunstwelt ist. Dort geht es in geradezu \u00fcberh\u00f6htem Sinn um Vergleichbarkeit. Es werden zur Verbesserung der Vergleichbarkeit Kategorien getrennt oder vereinigt; es werden Wettkampfereignisse zur Erh\u00f6hung der Spannung und des Wettbewerbs zusammengelegt, ohne bei der Auswertung die Trennung von Kategorien ebenfalls aufzuheben. In sowas muss man sich erstmal reindenken, bevor man es kommentieren kann. Wettk\u00e4mpfe sind zutiefst k\u00fcnstliche, vorsichtig austarierte Vergleichskunstwerke. Je wichtiger der Wettkampf, je globaler das Event ausgeschrieben ist, und je h\u00e4rter die Selektionskriterien sind, umso heikler alles andere,\u00a0 was damit zusammenh\u00e4ngt. Da mag an der kommunalen Ausmarkung erstmal die Augenbraue gehobebn werden, auf Ebene Kanton, Bundesstaat oder Gliedstaat wird nerv\u00f6ser reagiert, und auf Ebene Bund, Nation etc. w\u00fcrde man dann einen Schritt vor den paneurop\u00e4ischen, panamerikanischen oder panasiatischen Vergleichsveranstaltungen dann irgendwelchem Unsinn einen Riegel schieben.<\/p>\n<p>Kaum etwas, das dann in derartigen hochreglementierten Wettkampfspitzensport verhandelt wird, taugt als Aufh\u00e4nger fuer Gesellschaftskritik.<\/p>\n<p>Es ist technisch gesehen inhaltlich und verbal vollkommen korrekt, die bedeutend h\u00f6here mechanische Impedanz des prothetischen Federfusses gegen\u00fcber dem menschlichen Bein und Fuss als m\u00f6glichen technischen und somit kompetitiven Wettbewerbsvorteil f\u00fcr Weitsprung oder Mitteldistanzsprints zu benennen, und dahingehend technische Abkl\u00e4rungen zu t\u00e4tigen. Jeder mit einem Hang f\u00fcr Fairness muss dies anerkennen.<\/p>\n<p>Nat\u00fcrlich kann man Federbeine f\u00fcr gewisse Wettk\u00e4mpfe auch zulassen &#8211; dann aber wenn m\u00f6glich f\u00fcr alle.<\/p>\n<p>Dann d\u00fcrfen auch zweibeinig ausgestattete Mitmenschen Federschuhe tragen, und mit diesen weiter springen. Vergleichbarkeit technisch ist gerade auch dann wichtig. Sie ist immer wichtig, was Sport und Wettkampf angeht.<\/p>\n<p><a href=\"http:\/\/www.swisswuff.ch\/tech\/wp-content\/uploads\/2015\/03\/Screen-Shot-2014-11-17-at-2.26.31-PM.png\"><img decoding=\"async\" class=\"alignnone size-full wp-image-4670\" src=\"http:\/\/www.swisswuff.ch\/tech\/wp-content\/uploads\/2015\/03\/Screen-Shot-2014-11-17-at-2.26.31-PM.png\" alt=\"Screen Shot 2014-11-17 at 2.26.31 PM\" width=\"100%\" srcset=\"https:\/\/www.swisswuff.ch\/tech\/wp-content\/uploads\/2015\/03\/Screen-Shot-2014-11-17-at-2.26.31-PM.png 624w, https:\/\/www.swisswuff.ch\/tech\/wp-content\/uploads\/2015\/03\/Screen-Shot-2014-11-17-at-2.26.31-PM-300x163.png 300w\" sizes=\"(max-width: 624px) 100vw, 624px\" \/><\/a><\/p>\n<p><a href=\"http:\/\/www.swisswuff.ch\/tech\/wp-content\/uploads\/2015\/03\/Screen-Shot-2014-11-17-at-2.28.37-PM.png\"><img decoding=\"async\" class=\"alignnone size-full wp-image-4671\" src=\"http:\/\/www.swisswuff.ch\/tech\/wp-content\/uploads\/2015\/03\/Screen-Shot-2014-11-17-at-2.28.37-PM.png\" alt=\"Screen Shot 2014-11-17 at 2.28.37 PM\" width=\"100%\" srcset=\"https:\/\/www.swisswuff.ch\/tech\/wp-content\/uploads\/2015\/03\/Screen-Shot-2014-11-17-at-2.28.37-PM.png 616w, https:\/\/www.swisswuff.ch\/tech\/wp-content\/uploads\/2015\/03\/Screen-Shot-2014-11-17-at-2.28.37-PM-300x166.png 300w\" sizes=\"(max-width: 616px) 100vw, 616px\" \/><\/a><\/p>\n<p><a href=\"http:\/\/www.swisswuff.ch\/tech\/wp-content\/uploads\/2015\/03\/Screen-Shot-2014-11-17-at-2.28.57-PM.png\"><img decoding=\"async\" class=\"alignnone size-full wp-image-4672\" src=\"http:\/\/www.swisswuff.ch\/tech\/wp-content\/uploads\/2015\/03\/Screen-Shot-2014-11-17-at-2.28.57-PM.png\" alt=\"Screen Shot 2014-11-17 at 2.28.57 PM\" width=\"100%\" srcset=\"https:\/\/www.swisswuff.ch\/tech\/wp-content\/uploads\/2015\/03\/Screen-Shot-2014-11-17-at-2.28.57-PM.png 629w, https:\/\/www.swisswuff.ch\/tech\/wp-content\/uploads\/2015\/03\/Screen-Shot-2014-11-17-at-2.28.57-PM-300x165.png 300w\" sizes=\"(max-width: 629px) 100vw, 629px\" \/><\/a><\/p>\n<p><a href=\"http:\/\/www.swisswuff.ch\/tech\/wp-content\/uploads\/2015\/03\/Screen-Shot-2014-11-17-at-2.29.21-PM.png\"><img decoding=\"async\" class=\"alignnone size-full wp-image-4673\" src=\"http:\/\/www.swisswuff.ch\/tech\/wp-content\/uploads\/2015\/03\/Screen-Shot-2014-11-17-at-2.29.21-PM.png\" alt=\"Screen Shot 2014-11-17 at 2.29.21 PM\" width=\"100%\" srcset=\"https:\/\/www.swisswuff.ch\/tech\/wp-content\/uploads\/2015\/03\/Screen-Shot-2014-11-17-at-2.29.21-PM.png 624w, https:\/\/www.swisswuff.ch\/tech\/wp-content\/uploads\/2015\/03\/Screen-Shot-2014-11-17-at-2.29.21-PM-300x165.png 300w\" sizes=\"(max-width: 624px) 100vw, 624px\" \/><\/a><\/p>\n<p><iframe loading=\"lazy\"  id=\"_ytid_46807\"  width=\"800\" height=\"450\"  data-origwidth=\"800\" data-origheight=\"450\" src=\"https:\/\/www.youtube.com\/embed\/?enablejsapi=1&#038;autoplay=0&#038;cc_load_policy=0&#038;cc_lang_pref=&#038;iv_load_policy=1&#038;loop=0&#038;rel=1&#038;fs=1&#038;playsinline=0&#038;autohide=2&#038;theme=dark&#038;color=red&#038;controls=1&#038;disablekb=0&#038;\" class=\"__youtube_prefs__  epyt-is-override  no-lazyload\" title=\"YouTube player\"  allow=\"fullscreen; accelerometer; autoplay; clipboard-write; encrypted-media; gyroscope; picture-in-picture; web-share\" referrerpolicy=\"strict-origin-when-cross-origin\" allowfullscreen data-no-lazy=\"1\" data-skipgform_ajax_framebjll=\"\"><\/iframe><\/p>\n<p>Auch Nichtbehinderte leiden unter ihrer beschr\u00e4nkten Schnellkraft, Sprungweite und Renngeschwindigkeit. Und das alles ist nicht einmal geheim.<\/p>\n<p>Forschung zu mechanischen Eigenschaften der menschlichen Extremit\u00e4ten wird ja auch gemacht, durchgef\u00fchrt und mitgeteilt. Diese Art Literatur ist nicht geheim, auch Blogschreiber jeglicher Interessensrichtung k\u00f6nnten darauf zugreifen. Denn auch dieser spezialisierte Bereich geh\u00f6rt zu unserer Gesellschaft.<\/p>\n<p>Selbstverst\u00e4ndlich sind allerlei gesellschaftliche Fragen rund um Handicaps riesig aktuell &#8211; aber das Beispiel der technischen Beinprothesen f\u00fcr Sportzwecke ist eins der am schwierigsten verst\u00e4ndlichen, offenbar, und daher sicher eins der am meisten fehlzitierten. Es hat gerade im fair und korrekt vermessenden Sport eben <em>nicht<\/em> mit Neid zu tun sondern mit technisch richtiger Anerkennung, wenn man f\u00fcr Weitspr\u00fcnge das Federbeinchen als Vorteil bezeichnet &#8211;<em> so sehr<\/em> das Handicap sonst und rundum alles andere als ein Vorteil ist, ist es dort dann einer, wenn der Weitspringer mit dem Lil Tink Tink abspringt, anstatt es einfach als Schwungbein zu verwenden &#8211; und auch dann geh\u00f6rt da nachgeschaut.<\/p>\n<p><iframe loading=\"lazy\"  id=\"_ytid_66612\"  width=\"800\" height=\"450\"  data-origwidth=\"800\" data-origheight=\"450\" src=\"https:\/\/www.youtube.com\/embed\/_qlNEmpxQxI?enablejsapi=1&#038;autoplay=0&#038;cc_load_policy=0&#038;cc_lang_pref=&#038;iv_load_policy=1&#038;loop=0&#038;rel=1&#038;fs=1&#038;playsinline=0&#038;autohide=2&#038;theme=dark&#038;color=red&#038;controls=1&#038;disablekb=0&#038;\" class=\"__youtube_prefs__  epyt-is-override  no-lazyload\" title=\"YouTube player\"  allow=\"fullscreen; accelerometer; autoplay; clipboard-write; encrypted-media; gyroscope; picture-in-picture; web-share\" referrerpolicy=\"strict-origin-when-cross-origin\" allowfullscreen data-no-lazy=\"1\" data-skipgform_ajax_framebjll=\"\"><\/iframe><\/p>\n<p>Nat\u00fcrlich ist es so, dass auch ein Otto Bock Greifer (also so ein Prothesenmotoren-Ding f\u00fcr eine Armprothese mit so hohem Verschlussdruck, dass es zum Kaputtmachen reicht) bei der Frage nach Presskraft einer Hand in jedem derartigen Sportvergleich mit &#8220;normalen&#8221; H\u00e4nden ebenfalls ein Wettbewerbsvorteil sein k\u00f6nnte. Somit ist es logischerweise auch so, dass sich auch aus diesen biomechanischen korrekten Tatsachen eben nichts (!) fuer die Gesellschaftskritik ableiten l\u00e4sst.<\/p>\n<p>Und wenn man das nicht sagen darf, dann ist damit auch das wirkliche Ende der Fairness im Sport angekommen. Dann k\u00f6nnen wirs sein lassen. Alles.<\/p>\n<p>Der gute Markus Rehm springt ja logischerweise &#8211; denn es ist auch seine Wahl des besseren Absprungbeins!!!! &#8211; nicht mit dem Nichtbehinderten Bein ab, sondern mit dem Federbein.<\/p>\n<p><iframe loading=\"lazy\"  id=\"_ytid_67623\"  width=\"800\" height=\"450\"  data-origwidth=\"800\" data-origheight=\"450\" src=\"https:\/\/www.youtube.com\/embed\/foh73XPDJyA?enablejsapi=1&#038;autoplay=0&#038;cc_load_policy=0&#038;cc_lang_pref=&#038;iv_load_policy=1&#038;loop=0&#038;rel=1&#038;fs=1&#038;playsinline=0&#038;autohide=2&#038;theme=dark&#038;color=red&#038;controls=1&#038;disablekb=0&#038;\" class=\"__youtube_prefs__  epyt-is-override  no-lazyload\" title=\"YouTube player\"  allow=\"fullscreen; accelerometer; autoplay; clipboard-write; encrypted-media; gyroscope; picture-in-picture; web-share\" referrerpolicy=\"strict-origin-when-cross-origin\" allowfullscreen data-no-lazy=\"1\" data-skipgform_ajax_framebjll=\"\"><\/iframe><\/p>\n\n<div class=\"twitter-share\"><a href=\"https:\/\/twitter.com\/intent\/tweet?via=swisswuff\" class=\"twitter-share-button\" data-size=\"large\">Tweet<\/a><\/div>\n","protected":false},"excerpt":{"rendered":"<p>Es gab im letzten Jahr einen wirklich kurligen Blogbeitrag zum Thema Fairness und Behinderung im Sport, und zwar den bei Frau Gehlhaar [link]: Es ging um den Sportler Markus Rehm. Er ist Leichtathlet und unterschenkelamputiert. Mit einer angepassten Prothese nahm der Paralympic-Sieger jetzt zusammen mit nichtbehinderten Sportlern an den Nordreihn-Meisterschaften teil und konnte aktuell Gewinne&#8230;<\/p>\n","protected":false},"author":1,"featured_media":4658,"comment_status":"open","ping_status":"open","sticky":false,"template":"","format":"standard","meta":{"footnotes":""},"categories":[72,86,28,100,29],"tags":[186,185,184,183],"class_list":["post-4653","post","type-post","status-publish","format-standard","has-post-thumbnail","hentry","category-language","category-attitude","category-disability-public","category-impact-on-nondisabled","category-media","tag-blog","tag-fairness","tag-prosthetics","tag-sports","wpcat-72-id","wpcat-86-id","wpcat-28-id","wpcat-100-id","wpcat-29-id"],"publishpress_future_action":{"enabled":false,"date":"2026-05-09 11:27:20","action":"change-status","newStatus":"draft","terms":[],"taxonomy":"category","extraData":[]},"publishpress_future_workflow_manual_trigger":{"enabledWorkflows":[]},"_links":{"self":[{"href":"https:\/\/www.swisswuff.ch\/tech\/index.php?rest_route=\/wp\/v2\/posts\/4653","targetHints":{"allow":["GET"]}}],"collection":[{"href":"https:\/\/www.swisswuff.ch\/tech\/index.php?rest_route=\/wp\/v2\/posts"}],"about":[{"href":"https:\/\/www.swisswuff.ch\/tech\/index.php?rest_route=\/wp\/v2\/types\/post"}],"author":[{"embeddable":true,"href":"https:\/\/www.swisswuff.ch\/tech\/index.php?rest_route=\/wp\/v2\/users\/1"}],"replies":[{"embeddable":true,"href":"https:\/\/www.swisswuff.ch\/tech\/index.php?rest_route=%2Fwp%2Fv2%2Fcomments&post=4653"}],"version-history":[{"count":12,"href":"https:\/\/www.swisswuff.ch\/tech\/index.php?rest_route=\/wp\/v2\/posts\/4653\/revisions"}],"predecessor-version":[{"id":10599,"href":"https:\/\/www.swisswuff.ch\/tech\/index.php?rest_route=\/wp\/v2\/posts\/4653\/revisions\/10599"}],"wp:featuredmedia":[{"embeddable":true,"href":"https:\/\/www.swisswuff.ch\/tech\/index.php?rest_route=\/wp\/v2\/media\/4658"}],"wp:attachment":[{"href":"https:\/\/www.swisswuff.ch\/tech\/index.php?rest_route=%2Fwp%2Fv2%2Fmedia&parent=4653"}],"wp:term":[{"taxonomy":"category","embeddable":true,"href":"https:\/\/www.swisswuff.ch\/tech\/index.php?rest_route=%2Fwp%2Fv2%2Fcategories&post=4653"},{"taxonomy":"post_tag","embeddable":true,"href":"https:\/\/www.swisswuff.ch\/tech\/index.php?rest_route=%2Fwp%2Fv2%2Ftags&post=4653"}],"curies":[{"name":"wp","href":"https:\/\/api.w.org\/{rel}","templated":true}]}}