{"id":543,"date":"2012-04-27T19:30:31","date_gmt":"2012-04-27T17:30:31","guid":{"rendered":"http:\/\/www.swisswuff.ch\/tech\/?p=543"},"modified":"2025-05-29T14:57:57","modified_gmt":"2025-05-29T12:57:57","slug":"myhandicap-forum-und-umgang-mit-den-meinungen-behinderter-im-hinblick-auf-selbstbestimmung-und-selbstbehauptung","status":"publish","type":"post","link":"https:\/\/www.swisswuff.ch\/tech\/?p=543","title":{"rendered":"MyHandicap-Forum und Umgang mit den Meinungen Behinderter im Hinblick auf Selbstbestimmung und Selbstbehauptung"},"content":{"rendered":"<p>Bei MyHandicap handelt es sich um eine Stiftung.<\/p>\n<p>Was sie ausserhalb des Internets alles foerdert und betreibt, ist keineswegs direkt ersichtlich. Auf der Webseite ist kein Quartalsbericht oder Jahresbericht der Stiftung freigestellt. Es ist unklar, was die Stiftung tut, so dass wir uns auf sichtbare \/ feststellbare Dinge beschraenken werden.<\/p>\n<p><!--more--><\/p>\n<div id=\"ez-toc-container\" class=\"ez-toc-v2_0_82_2 counter-hierarchy ez-toc-counter ez-toc-grey ez-toc-container-direction\">\n<div class=\"ez-toc-title-container\">\n<p class=\"ez-toc-title\" style=\"cursor:inherit\">Table of Contents<\/p>\n<span class=\"ez-toc-title-toggle\"><a href=\"#\" class=\"ez-toc-pull-right ez-toc-btn ez-toc-btn-xs ez-toc-btn-default ez-toc-toggle\" aria-label=\"Toggle Table of Content\"><span class=\"ez-toc-js-icon-con\"><span class=\"\"><span class=\"eztoc-hide\" style=\"display:none;\">Toggle<\/span><span class=\"ez-toc-icon-toggle-span\"><svg style=\"fill: #999;color:#999\" xmlns=\"http:\/\/www.w3.org\/2000\/svg\" class=\"list-377408\" width=\"20px\" height=\"20px\" viewBox=\"0 0 24 24\" fill=\"none\"><path d=\"M6 6H4v2h2V6zm14 0H8v2h12V6zM4 11h2v2H4v-2zm16 0H8v2h12v-2zM4 16h2v2H4v-2zm16 0H8v2h12v-2z\" fill=\"currentColor\"><\/path><\/svg><svg style=\"fill: #999;color:#999\" class=\"arrow-unsorted-368013\" xmlns=\"http:\/\/www.w3.org\/2000\/svg\" width=\"10px\" height=\"10px\" viewBox=\"0 0 24 24\" version=\"1.2\" baseProfile=\"tiny\"><path d=\"M18.2 9.3l-6.2-6.3-6.2 6.3c-.2.2-.3.4-.3.7s.1.5.3.7c.2.2.4.3.7.3h11c.3 0 .5-.1.7-.3.2-.2.3-.5.3-.7s-.1-.5-.3-.7zM5.8 14.7l6.2 6.3 6.2-6.3c.2-.2.3-.5.3-.7s-.1-.5-.3-.7c-.2-.2-.4-.3-.7-.3h-11c-.3 0-.5.1-.7.3-.2.2-.3.5-.3.7s.1.5.3.7z\"\/><\/svg><\/span><\/span><\/span><\/a><\/span><\/div>\n<nav><ul class='ez-toc-list ez-toc-list-level-1 ' ><li class='ez-toc-page-1 ez-toc-heading-level-1'><a class=\"ez-toc-link ez-toc-heading-1\" href=\"https:\/\/www.swisswuff.ch\/tech\/?p=543\/#Was_verspricht_MyHandicap\" >Was verspricht MyHandicap<\/a><\/li><li class='ez-toc-page-1 ez-toc-heading-level-1'><a class=\"ez-toc-link ez-toc-heading-2\" href=\"https:\/\/www.swisswuff.ch\/tech\/?p=543\/#Wie_positioniert_sich_MyHandicap\" >Wie positioniert sich MyHandicap<\/a><\/li><li class='ez-toc-page-1 ez-toc-heading-level-1'><a class=\"ez-toc-link ez-toc-heading-3\" href=\"https:\/\/www.swisswuff.ch\/tech\/?p=543\/#Was_ist_bei_Leuten_mit_Behinderungen_oder_behindernden_Erkrankungen_vielleicht_anders\" >Was ist bei Leuten mit Behinderungen oder behindernden Erkrankungen vielleicht anders?<\/a><\/li><li class='ez-toc-page-1 ez-toc-heading-level-1'><a class=\"ez-toc-link ez-toc-heading-4\" href=\"https:\/\/www.swisswuff.ch\/tech\/?p=543\/#Was_ich_konkret_dort_erlebe_und_an_Ansichten_darueber_erfahre\" >Was ich konkret dort erlebe und an Ansichten darueber erfahre<\/a><\/li><\/ul><\/nav><\/div>\n<h1><span class=\"ez-toc-section\" id=\"Was_verspricht_MyHandicap\"><\/span>Was verspricht MyHandicap<span class=\"ez-toc-section-end\"><\/span><\/h1>\n<p>MyHandicap verspricht, folgende Personenkreise zu unterstuetzen:<\/p>\n<ul>\n<li>Menschen mit <a href=\"http:\/\/de.wikipedia.org\/wiki\/Behinderung\" target=\"_blank\" rel=\"noopener\">Behinderung<\/a> (A1)<\/li>\n<li>Menschen mit schwerer Erkrankung (A2)<\/li>\n<li>Deren <a href=\"http:\/\/de.wikipedia.org\/wiki\/Angeh%C3%B6riger\" target=\"_blank\" rel=\"noopener\">Angehoerige<\/a> (A3)<\/li>\n<li>Deren <a href=\"http:\/\/de.wikipedia.org\/wiki\/Freundschaft\" target=\"_blank\" rel=\"noopener\">Freunde<\/a> (A4)<\/li>\n<\/ul>\n<p>Sie versprechen weiterhin, dies zu folgendem Zeitpunkt zu tun:<\/p>\n<ul>\n<li><a href=\"http:\/\/de.wikipedia.org\/wiki\/Tag\" target=\"_blank\" rel=\"noopener\">Tag<\/a> fuer <a href=\"http:\/\/de.wikipedia.org\/wiki\/Tag\" target=\"_blank\" rel=\"noopener\">Tag<\/a> (A5)<\/li>\n<\/ul>\n<p>Folgende Attribute schreibt sich MyHandicap selbst zu:<\/p>\n<ul>\n<li>Gemeinnuetzig (A6)<\/li>\n<li>Mildtaetig (A7)<\/li>\n<li>Als gemeinnuetzig anerkannt (A8)<\/li>\n<li>Als mildtaetig anerkannt (A9)<\/li>\n<\/ul>\n<p><em>Quelle: [<a href=\"http:\/\/www.myhandicap.de\/spenden-an-myhandicap-d.html\" target=\"_blank\" rel=\"noopener\">link<\/a>] F\u00fcr wen Sie spenden? MyHandicap unterst\u00fctzt Menschen mit Behinderung oder schwerer Erkrankung sowie deren Angeh\u00f6rige und Freunde Tag f\u00fcr Tag dabei, ihre Lebensqualit\u00e4t entscheidend zu verbessern. Um das kostenfreie Angebot von MyHandicap aufrecht zu erhalten, ist MyHandicap als gemeinn\u00fctzig und mildt\u00e4tig anerkannte Organisation auf eine breite finanzielle Unterst\u00fctzung angewiesen.<\/em><\/p>\n<h1><span class=\"ez-toc-section\" id=\"Wie_positioniert_sich_MyHandicap\"><\/span>Wie positioniert sich MyHandicap<span class=\"ez-toc-section-end\"><\/span><\/h1>\n<p class=\"bodytext\">MyHandicap steht ein f\u00fcr &#8230;<\/p>\n<ul>\n<li>Unterst\u00fctzung der Hilfe zur Selbsthilfe (A10)<\/li>\n<li>F\u00f6rderung der Hilfe von Betroffenen f\u00fcr Betroffene (A11)<\/li>\n<li>Offenheit und Toleranz (A12)<\/li>\n<li>Respekt vor dem individuellen Weg der Betroffenen (A13)<\/li>\n<li>Gesellschaftliche Gleichberechtigung (A14)<\/li>\n<li>Aktive Teilnahme und Pr\u00e4senz am Alltagsleben (A15)<\/li>\n<\/ul>\n<p class=\"bodytext\">MyHandicap positioniert sich &#8230;<\/p>\n<ul>\n<li>Durch die Verbindung von eigener Erfahrung mit ausgewiesener Fachkompetenz (A16)<\/li>\n<li>Durch Informationsgenerierung und \u2013vermittlung (A17)<\/li>\n<li>Durch Kooperation und Vernetzung (A18)<\/li>\n<li>Durch eine unternehmerische Handlungsweise (A19)<\/li>\n<li>Durch Zugang zur Privatwirtschaftund anderen NGO\u2018s (A20)<\/li>\n<\/ul>\n<p class=\"bodytext\">MyHandicap ist parteipolitisch neutral und wirtschaftlich unabh\u00e4ngig (A21).<\/p>\n<p><em>Quelle: [<a href=\"http:\/\/www.myhandicap.de\/myhandicap-stiftungsarbeit-kompakt.html\" target=\"_blank\" rel=\"noopener\">link<\/a>]<\/em><\/p>\n<h1><span class=\"ez-toc-section\" id=\"Was_ist_bei_Leuten_mit_Behinderungen_oder_behindernden_Erkrankungen_vielleicht_anders\"><\/span>Was ist bei Leuten mit Behinderungen oder behindernden Erkrankungen vielleicht anders?<span class=\"ez-toc-section-end\"><\/span><\/h1>\n<p>Um in der Lage zu sein, besser zu verstehen, was MyHandicap tut, ist es sinnvoll, zunaechst die laut Angabe von MyHandicap angeblich anvisierte Zielgruppe von dem, was sie als Unterstuetzung bezeichnen, zu betrachten.<\/p>\n<p>Leute mit Behinderungen oder behindernden Erkrankungen..:<\/p>\n<ul>\n<li>leiden teilweise lang, viel und in grossem Ausmass an allen moeglichen Problemen<\/li>\n<li>werden von Mitmenschen, Arbeitgebern, Stiftungen, Firmen, Versicherungsvertetern, sowie Fachleuten im Gesundheitswesen immer wieder, regelmaessig, wiederholt, erniedrigt, uebergangen, uebervorteilt, diskriminiert, bevormundet, belaechelt oder auch arrogant angemacht, angestarrt, angeglotzt, angestiert, angeschrien, geschubst oder sonstwie belaestigt<\/li>\n<li>kennen sich in den sie betreffenden Bereichen manchmal gar nicht, oft gut, gelegentlich ausserordentlich gut aus<\/li>\n<li>haben oft einschlaegige Erfahrungen mit Diagnostik und Therapie verschiedenster Bereiche, die sie selbst betreffen<\/li>\n<li>profitieren allenfalls von Austausch untereinander<\/li>\n<li>teilen aber nicht Behinderungs- oder Erkrankungs-uebergreifend alle Erfahrungen und sind auch insofern keineswegs eine homogene Gruppe, sondern eine auesserst heterogene Gruppe von Menschen<\/li>\n<li>sind zu einem erheblichen Anteil immer wieder oder chronisch niedergeschlagen, bedrueckt oder depressiv, da das eine normale Folge von Behinderungen oder behindernden Erkrankungen ist<\/li>\n<li>haben mehr als Nichtbehinderte teils erhebliche Probleme im Bereich Familie, Beruf oder Arbeit, Mobilitaet, Informationsbeschaffung, Unterhaltung, Austausch mit anderen, Freunde, Finanzen, ihre sonstige Gesundheit, Wohnen, Reisen, Alltag und Ausbildung<\/li>\n<\/ul>\n<h1><span class=\"ez-toc-section\" id=\"Was_ich_konkret_dort_erlebe_und_an_Ansichten_darueber_erfahre\"><\/span>Was ich konkret dort erlebe und an Ansichten darueber erfahre<span class=\"ez-toc-section-end\"><\/span><\/h1>\n<ul>\n<li>Personen aus der Amelo-\/Perversen-\/Devotee-Szene schmuggeln sich auf MyHandicap ein. Sie schienen mir dort fuer schlechte Stimmung gesorgt zu haben. Andere &#8211; Behinderte &#8211; traten deswegen aus. Die Redaktion wurde informiert, aber es war mir nicht erkennbar, dass sie in der Lage waren, darauf adaequat zu reagieren, geschweige denn, eine einfache Empfangsbestaetigung zu verfassen. Derartiges ist, vergleiche ich das mit dem extrem vorsichtigen und umsichtigen Verhalten und Vorgehen der Administratoren echter Amputee-Communities in sehr analogen Situationen, meiner Ansicht nach einer Community-Bildung fuer Amputierte laut selbstdeklariertem Stiftungszweck nicht sachdienlich.<\/li>\n<li>Firmen wie <a href=\"https:\/\/www.google.ch\/search?q=Orphanbiotec\" target=\"_blank\" rel=\"noopener\">Orphanbiotec<\/a> (die sich des Themas <a href=\"http:\/\/de.wikipedia.org\/wiki\/Seltene_Krankheit\" target=\"_blank\" rel=\"noopener\">Seltene Krankheiten<\/a> auf ihre eigene Art anzunehmen scheinen) posteten offenbar namenlos \/ ohne erkennbare Vertretung, und beleidigten (offenbar behinderte) Forumsmitglieder aufs aus meiner Sicht allerschaebigste, und wenn dann die Mitglieder des Forums mehrheitlich sauer reagierten, wurde \u00a0breit und ohne Umsicht der gesamte Inhalt wieder geloescht, ohne jede eigene Entschuldigung oder Ruecksicht. Weder das Vorgehen noch Betragen dieser Firmenvertreter im Umfeld chronisch Kranker und Behinderter fuehrt dazu, dass ich dieser Firma auch nur 1 Franken spenden will. Ich bin nicht der letzte Dreck, und lasse mich nicht so behandeln. Schon gar nicht von Leuten, die von Problemen seltener Behinderungen \/ Krankheiten offensichtlich weniger zu wissen scheinen als uns lieb ist.<\/li>\n<li>Sensitive Themen fuer Personen mit Amputation &#8211; wie Phantomschmerz, Umgang mit amputierten Koerperteilen, Angestarrt werden &#8211; werden \u00a0teils frei von Experten- oder Bereichsschutz, Sachverstand oder psychologischer Umsicht, als Schiessbudenbereiche fuer allerlei Schreiberlinge diverser Herkunft verwendet. Die Ergebnisse sind entsprechend schwer verdaulich. Das ist einfach so.<\/li>\n<li>Ohne dass mich das ueberrascht, hoere ich aber dann von verschiedenen Personen mit einer Amputation, die ich persoenlich kenne, dass ihnen diese Webseite \/ Forum \/ Community fuer Belange von Personen mit dieser Art Behinderung weder kompetent noch im geringsten Masse geeignet scheint.<\/li>\n<\/ul>\n<p>Links:<\/p>\n<p><a href=\"http:\/\/www.myhandicap.ch\/\">http:\/\/www.myhandicap.ch<\/a><\/p>\n<p><a href=\"http:\/\/www.myhandicap.de\/\">http:\/\/www.myhandicap.de\/<\/a><\/p>\n\n<div class=\"twitter-share\"><a href=\"https:\/\/twitter.com\/intent\/tweet?via=swisswuff\" class=\"twitter-share-button\" data-size=\"large\">Tweet<\/a><\/div>\n","protected":false},"excerpt":{"rendered":"<p>Bei MyHandicap handelt es sich um eine Stiftung. Was sie ausserhalb des Internets alles foerdert und betreibt, ist keineswegs direkt ersichtlich. Auf der Webseite ist kein Quartalsbericht oder Jahresbericht der Stiftung freigestellt. Es ist unklar, was die Stiftung tut, so dass wir uns auf sichtbare \/ feststellbare Dinge beschraenken werden.<\/p>\n","protected":false},"author":1,"featured_media":1369,"comment_status":"open","ping_status":"open","sticky":false,"template":"","format":"standard","meta":{"footnotes":""},"categories":[72,86,28,36,52],"tags":[],"class_list":["post-543","post","type-post","status-publish","format-standard","has-post-thumbnail","hentry","category-language","category-attitude","category-disability-public","category-discrimination","category-stigmatization","wpcat-72-id","wpcat-86-id","wpcat-28-id","wpcat-36-id","wpcat-52-id"],"publishpress_future_action":{"enabled":false,"date":"2026-05-09 14:15:10","action":"change-status","newStatus":"draft","terms":[],"taxonomy":"category","extraData":[]},"publishpress_future_workflow_manual_trigger":{"enabledWorkflows":[]},"_links":{"self":[{"href":"https:\/\/www.swisswuff.ch\/tech\/index.php?rest_route=\/wp\/v2\/posts\/543","targetHints":{"allow":["GET"]}}],"collection":[{"href":"https:\/\/www.swisswuff.ch\/tech\/index.php?rest_route=\/wp\/v2\/posts"}],"about":[{"href":"https:\/\/www.swisswuff.ch\/tech\/index.php?rest_route=\/wp\/v2\/types\/post"}],"author":[{"embeddable":true,"href":"https:\/\/www.swisswuff.ch\/tech\/index.php?rest_route=\/wp\/v2\/users\/1"}],"replies":[{"embeddable":true,"href":"https:\/\/www.swisswuff.ch\/tech\/index.php?rest_route=%2Fwp%2Fv2%2Fcomments&post=543"}],"version-history":[{"count":4,"href":"https:\/\/www.swisswuff.ch\/tech\/index.php?rest_route=\/wp\/v2\/posts\/543\/revisions"}],"predecessor-version":[{"id":13917,"href":"https:\/\/www.swisswuff.ch\/tech\/index.php?rest_route=\/wp\/v2\/posts\/543\/revisions\/13917"}],"wp:featuredmedia":[{"embeddable":true,"href":"https:\/\/www.swisswuff.ch\/tech\/index.php?rest_route=\/wp\/v2\/media\/1369"}],"wp:attachment":[{"href":"https:\/\/www.swisswuff.ch\/tech\/index.php?rest_route=%2Fwp%2Fv2%2Fmedia&parent=543"}],"wp:term":[{"taxonomy":"category","embeddable":true,"href":"https:\/\/www.swisswuff.ch\/tech\/index.php?rest_route=%2Fwp%2Fv2%2Fcategories&post=543"},{"taxonomy":"post_tag","embeddable":true,"href":"https:\/\/www.swisswuff.ch\/tech\/index.php?rest_route=%2Fwp%2Fv2%2Ftags&post=543"}],"curies":[{"name":"wp","href":"https:\/\/api.w.org\/{rel}","templated":true}]}}